{"id":2619,"date":"2026-09-03T14:23:07","date_gmt":"2026-09-03T14:23:07","guid":{"rendered":"https:\/\/www.historischer-verein-dillingen.de\/?p=2619"},"modified":"2026-09-03T14:23:07","modified_gmt":"2026-09-03T14:23:07","slug":"montag-7-september-19-uhr-stammtisch-des-historischen-vereins-dillingen-ferienbedingt-im-feuerwehrmuseum-dillingen","status":"publish","type":"post","link":"https:\/\/www.historischer-verein-dillingen.de\/index.php\/2026\/09\/03\/montag-7-september-19-uhr-stammtisch-des-historischen-vereins-dillingen-ferienbedingt-im-feuerwehrmuseum-dillingen\/","title":{"rendered":"Montag 7. September &#8211; 19 Uhr &#8211; Stammtisch des Historischen Vereins Dillingen ferienbedingt im Feuerwehrmuseum Dillingen"},"content":{"rendered":"<p>[et_pb_section fb_built=&#8220;1&#8243; admin_label=&#8220;Header&#8220; _builder_version=&#8220;4.16&#8243; custom_padding=&#8220;0vw||6px||false|false&#8220; global_colors_info=&#8220;{}&#8220;][et_pb_row _builder_version=&#8220;4.27.5&#8243; _module_preset=&#8220;default&#8220; global_colors_info=&#8220;{}&#8220;][et_pb_column type=&#8220;4_4&#8243; _builder_version=&#8220;4.27.5&#8243; _module_preset=&#8220;default&#8220; global_colors_info=&#8220;{}&#8220;][et_pb_text _builder_version=&#8220;4.27.7&#8243; _module_preset=&#8220;default&#8220; min_height=&#8220;51.4px&#8220; custom_margin=&#8220;||8px|||&#8220; hover_enabled=&#8220;0&#8243; global_colors_info=&#8220;{}&#8220; sticky_enabled=&#8220;0&#8243;]<\/p>\n<p>Der Historische Verein Dillingen l\u00e4dt alle Vereinsmitglieder und ebenso interessiertes Publikum ein zum\u00a0Historiker-Stammtisch.<\/p>\n<h3>Wo und wann: Am 7. September um 19 Uhr im Feuerwehrmuseum Dillingen<br \/>Eintritt: frei<\/h3>\n<p>[\/et_pb_text][\/et_pb_column][\/et_pb_row][et_pb_row column_structure=&#8220;1_2,1_2&#8243; _builder_version=&#8220;4.27.5&#8243; _module_preset=&#8220;default&#8220; custom_margin=&#8220;4px|auto||auto||&#8220; global_colors_info=&#8220;{}&#8220;][et_pb_column type=&#8220;1_2&#8243; _builder_version=&#8220;4.27.4&#8243; _module_preset=&#8220;default&#8220; global_colors_info=&#8220;{}&#8220;][et_pb_text _builder_version=&#8220;4.27.7&#8243; _module_preset=&#8220;default&#8220; hover_enabled=&#8220;0&#8243; global_colors_info=&#8220;{}&#8220; sticky_enabled=&#8220;0&#8243;]<\/p>\n<p>Ferienbedingt trifft sich der Stammtisch des Historischen Vereins Dillingen am 7. September um 19 Uhr im Feuerwehrmuseum Dillingen. Bei einer kurzen F\u00fchrung sind dabei unter anderem Feuerl\u00f6schger\u00e4te aus dem 18. Jahrhundert zu besichtigen, z. B. Spritzen und Feuerl\u00f6scheimer. Zum Bestand des Feuerwehrmuseums geh\u00f6rt aber auch ein L\u00f6schgruppenfahrzeug von 1942, das w\u00e4hren des Zweiten Weltkriegs sogar in Berlin zum Einsatz kam.<\/p>\n<p>An die F\u00fchrung schlie\u00dft sich ein geselliges Beisammensein und ein Austausch \u00fcber historische Themen an. Mitglieder und Nichtmitglieder des Historischen Vereins Dillingen sind zu diesem Abend willkommen. Der Eintritt ist frei.<\/p>\n<p>Der n\u00e4chste Historiker-Stammtisch wird dann am 5. Oktober um 19 Uhr wieder wie \u00fcblich in der Kunst- und Kulturkneipe Chili stattfinden.<\/p>\n<p>[\/et_pb_text][\/et_pb_column][et_pb_column type=&#8220;1_2&#8243; _builder_version=&#8220;4.27.4&#8243; _module_preset=&#8220;default&#8220; global_colors_info=&#8220;{}&#8220;][et_pb_image src=&#8220;https:\/\/www.historischer-verein-dillingen.de\/wp-content\/uploads\/2026\/09\/Detail-einer-Feuerspritze-aus-dem-18.-Jahrhundert.jpg&#8220; title_text=&#8220;Detail einer Feuerspritze aus dem 18. Jahrhundert&#8220; show_in_lightbox=&#8220;on&#8220; _builder_version=&#8220;4.27.7&#8243; _module_preset=&#8220;default&#8220; hover_enabled=&#8220;0&#8243; global_colors_info=&#8220;{}&#8220; sticky_enabled=&#8220;0&#8243;][\/et_pb_image][et_pb_text _builder_version=&#8220;4.27.7&#8243; _module_preset=&#8220;default&#8220; hover_enabled=&#8220;0&#8243; sticky_enabled=&#8220;0&#8243;]<\/p>\n<p>Detail einer Feuerspritze aus dem 18. Jahrhundert<\/p>\n<p>[\/et_pb_text][et_pb_image src=&#8220;https:\/\/www.historischer-verein-dillingen.de\/wp-content\/uploads\/2026\/09\/Lederner-Feuerloscheimer-aus-dem-18.-Jahrhundert.jpg&#8220; title_text=&#8220;Lederner Feuerloscheimer aus dem 18. Jahrhundert&#8220; show_in_lightbox=&#8220;on&#8220; _builder_version=&#8220;4.27.7&#8243; _module_preset=&#8220;default&#8220; hover_enabled=&#8220;0&#8243; global_colors_info=&#8220;{}&#8220; sticky_enabled=&#8220;0&#8243;][\/et_pb_image][et_pb_text _builder_version=&#8220;4.27.7&#8243; _module_preset=&#8220;default&#8220; hover_enabled=&#8220;0&#8243; sticky_enabled=&#8220;0&#8243;]<\/p>\n<p>Lederner Feuerl\u00f6scheimer aus dem 18. Jahrhundert<\/p>\n<p>[\/et_pb_text][\/et_pb_column][\/et_pb_row][\/et_pb_section]<\/p>\n","protected":false},"excerpt":{"rendered":"<p>Der Historische Verein Dillingen l\u00e4dt alle Vereinsmitglieder und ebenso interessiertes Publikum ein&#8230;<\/p>\n","protected":false},"author":1,"featured_media":2621,"comment_status":"closed","ping_status":"closed","sticky":false,"template":"","format":"standard","meta":{"_et_pb_use_builder":"on","_et_pb_old_content":"<p>[et_pb_section fb_built=\"1\" admin_label=\"Header\" _builder_version=\"4.16\" custom_padding=\"0vw||6px||false|false\" global_colors_info=\"{}\"][et_pb_row _builder_version=\"4.27.5\" _module_preset=\"default\" global_colors_info=\"{}\"][et_pb_column type=\"4_4\" _builder_version=\"4.27.5\" _module_preset=\"default\" global_colors_info=\"{}\"][et_pb_text _builder_version=\"4.27.5\" _module_preset=\"default\" min_height=\"51.4px\" custom_margin=\"||8px|||\" hover_enabled=\"0\" global_colors_info=\"{}\" sticky_enabled=\"0\"]<\/p><p>Der Historische Verein Dillingen l\u00e4dt alle Vereinsmitglieder und ebenso interessiertes Publikum ein zum\u00a0Historiker-Stammtisch.<\/p><h3>Wo und wann: Am 1. Juni um 19 Uhr in der Kulturkneipe Chili - Georg-Schmid-Ring 1<br \/>Eintritt: frei<\/h3><p>[\/et_pb_text][\/et_pb_column][\/et_pb_row][et_pb_row column_structure=\"1_2,1_2\" _builder_version=\"4.27.5\" _module_preset=\"default\" custom_margin=\"4px|auto||auto||\" global_colors_info=\"{}\"][et_pb_column type=\"1_2\" _builder_version=\"4.27.4\" _module_preset=\"default\" global_colors_info=\"{}\"][et_pb_text _builder_version=\"4.27.5\" _module_preset=\"default\" hover_enabled=\"0\" global_colors_info=\"{}\" sticky_enabled=\"0\"]<\/p><p class=\"p1\">Der J\u00fcdisch Historische Verein Augsburg (JHVA) stellt seine Arbeit beim n\u00e4chsten Dillinger Historiker-Stammtisch vor.<\/p><p class=\"p1\">Gastreferent ist Yehuda Shenef vom JHVA, der vor kurzem ein Buch \u00fcber die j\u00fcdische Geschichte von H\u00f6chst\u00e4dt vorgelegt hat. Die St\u00e4dte und Gemeinden des Landkreises Dillingen geh\u00f6rten vor S\u00e4kularisation und Mediatisierung (1803-1806) unterschiedlichen, oft sehr kleinteiligen Herrschaftsgebieten an. Daher entwickelten sich hier auch verschiedene Formen des Zusammenlebens zwischen christlicher und j\u00fcdischer Bev\u00f6lkerung. Zu dem Abend l\u00e4dt der Historische Verein Dillingen (HVD) alle geschichtlich Interessierten ein, auch Nichtmitglieder sind herzlich willkommen.<\/p><p>[\/et_pb_text][et_pb_text _builder_version=\"4.27.5\" _module_preset=\"default\" hover_enabled=\"0\" global_colors_info=\"{}\" sticky_enabled=\"0\"]<\/p><p class=\"p1\">zur Abbildung: Das Dorf Buttenwiesen auf dem sogenannten \"Koleffel-Plan\" um 1750. Die H\u00e4user der j\u00fcdischen Buttenwiesener sind schwarz gezeichnet. Sie konzentrieren sich um den heutigen Marktplatz und auf die Donauw\u00f6rther Stra\u00dfe. Mit dem Buchstaben G ist die ehemalige Synagoge gekennzeichnet, H markiert den j\u00fcdischen Friedhof.<\/p><p>[\/et_pb_text][\/et_pb_column][et_pb_column type=\"1_2\" _builder_version=\"4.27.4\" _module_preset=\"default\" global_colors_info=\"{}\"][et_pb_image src=\"https:\/\/www.historischer-verein-dillingen.de\/wp-content\/uploads\/2026\/05\/Kolleffelplan-Buddewiesen.jpg\" title_text=\"Kolleffelplan-Buddewiesen\" show_in_lightbox=\"on\" _builder_version=\"4.27.5\" _module_preset=\"default\" hover_enabled=\"0\" global_colors_info=\"{}\" sticky_enabled=\"0\"][\/et_pb_image][\/et_pb_column][\/et_pb_row][\/et_pb_section]<\/p>","_et_gb_content_width":"","footnotes":""},"categories":[47,58],"tags":[],"class_list":["post-2619","post","type-post","status-publish","format-standard","has-post-thumbnail","hentry","category-aktuelles","category-veranstaltungen-beitraege"],"_links":{"self":[{"href":"https:\/\/www.historischer-verein-dillingen.de\/index.php\/wp-json\/wp\/v2\/posts\/2619","targetHints":{"allow":["GET"]}}],"collection":[{"href":"https:\/\/www.historischer-verein-dillingen.de\/index.php\/wp-json\/wp\/v2\/posts"}],"about":[{"href":"https:\/\/www.historischer-verein-dillingen.de\/index.php\/wp-json\/wp\/v2\/types\/post"}],"author":[{"embeddable":true,"href":"https:\/\/www.historischer-verein-dillingen.de\/index.php\/wp-json\/wp\/v2\/users\/1"}],"replies":[{"embeddable":true,"href":"https:\/\/www.historischer-verein-dillingen.de\/index.php\/wp-json\/wp\/v2\/comments?post=2619"}],"version-history":[{"count":3,"href":"https:\/\/www.historischer-verein-dillingen.de\/index.php\/wp-json\/wp\/v2\/posts\/2619\/revisions"}],"predecessor-version":[{"id":2625,"href":"https:\/\/www.historischer-verein-dillingen.de\/index.php\/wp-json\/wp\/v2\/posts\/2619\/revisions\/2625"}],"wp:featuredmedia":[{"embeddable":true,"href":"https:\/\/www.historischer-verein-dillingen.de\/index.php\/wp-json\/wp\/v2\/media\/2621"}],"wp:attachment":[{"href":"https:\/\/www.historischer-verein-dillingen.de\/index.php\/wp-json\/wp\/v2\/media?parent=2619"}],"wp:term":[{"taxonomy":"category","embeddable":true,"href":"https:\/\/www.historischer-verein-dillingen.de\/index.php\/wp-json\/wp\/v2\/categories?post=2619"},{"taxonomy":"post_tag","embeddable":true,"href":"https:\/\/www.historischer-verein-dillingen.de\/index.php\/wp-json\/wp\/v2\/tags?post=2619"}],"curies":[{"name":"wp","href":"https:\/\/api.w.org\/{rel}","templated":true}]}}